{"id":453,"date":"2016-09-20T11:22:48","date_gmt":"2016-09-20T09:22:48","guid":{"rendered":"https:\/\/www.vaima.eu\/blog\/?p=453"},"modified":"2024-06-25T11:54:27","modified_gmt":"2024-06-25T09:54:27","slug":"corse-lile-de-mediterranee-mieux-preservee","status":"publish","type":"post","link":"https:\/\/www.vaima.eu\/blog\/corse-lile-de-mediterranee-mieux-preservee\/","title":{"rendered":"La Corse : l\u2019\u00eele de M\u00e9diterran\u00e9e la mieux pr\u00e9serv\u00e9e"},"content":{"rendered":"\n<p class=\"typography-intro\">Quatri\u00e8me plus grande \u00eele de la M\u00e9diterran\u00e9e, la Corse est pourtant la moins peupl\u00e9e. Consid\u00e9r\u00e9e depuis l&rsquo;Antiquit\u00e9 comme la plus belle &#8211; d&rsquo;o\u00f9 son nom Kalliste &#8211; elle est aujourd&rsquo;hui l&rsquo;\u00eele la mieux pr\u00e9serv\u00e9e de la r\u00e9gion. Un succ\u00e8s qu&rsquo;elle doit \u00e0 l&rsquo;attachement des Corses \u00e0 leur territoire, \u00e0 leur r\u00e9sistance face \u00e0 l&rsquo;urbanisation et \u00e0 la cr\u00e9ation d&rsquo;organismes de protection efficaces.<\/p>\n\n\n\n<!--more-->\n\n\n\n<h2 class=\"wp-block-heading\">La lutte contre la \u00ab&nbsp;b\u00e9tonisation des c\u00f4tes&nbsp;\u00bb et la \u00ab&nbsp;bal\u00e9arisation&nbsp;\u00bb de l\u2019\u00eele a permis de pr\u00e9server les espaces et paysages naturels d&rsquo;exception<\/h2>\n\n\n\n<p>Situ\u00e9e au <a href=\"https:\/\/www.enezgreen.com\/corse\/\">c\u0153ur de la M\u00e9diterran\u00e9e, la Corse repr\u00e9sente l\u2019un des derniers \u00ab\u2009r\u00e9servoirs de nature\u2009\u00bb europ\u00e9ens<\/a> avec 83&nbsp;% de son territoire couvert d\u2019espaces naturels dont la&nbsp;diversit\u00e9 est&nbsp;exceptionnelle&nbsp;puisqu\u2019elle concentre \u00e0 elle seule tous les paysages du sud de l\u2019Europe.<\/p>\n\n\n\n<figure class=\"wp-block-image alignwide wp-image-464 size-large\"><img decoding=\"async\" width=\"1024\" height=\"683\" src=\"https:\/\/www.vaima.eu\/blog\/wp-content\/uploads\/2016\/09\/Corse-Herve\u0301-Bre\u0301-13-1024x683.jpg\" alt=\"Corse \u00eele durable Herv\u00e9 Br\u00e9 EnezGreen\" class=\"wp-image-464\" srcset=\"https:\/\/www.vaima.eu\/blog\/wp-content\/uploads\/2016\/09\/Corse-Herve\u0301-Bre\u0301-13-1024x683.jpg 1024w, https:\/\/www.vaima.eu\/blog\/wp-content\/uploads\/2016\/09\/Corse-Herve\u0301-Bre\u0301-13-300x200.jpg 300w, https:\/\/www.vaima.eu\/blog\/wp-content\/uploads\/2016\/09\/Corse-Herve\u0301-Bre\u0301-13-768x512.jpg 768w, https:\/\/www.vaima.eu\/blog\/wp-content\/uploads\/2016\/09\/Corse-Herve\u0301-Bre\u0301-13.jpg 1394w\" sizes=\"(max-width: 1024px) 100vw, 1024px\" \/><figcaption class=\"wp-element-caption\">C\u00f4tes escarp\u00e9es de granit rouge Corse \u00a9 Herv\u00e9 Br\u00e9 &#8211; EnezGreen<\/figcaption><\/figure>\n\n\n\n<p>Avec ses c\u00f4tes escarp\u00e9es de granit rouge \u00e0 l\u2019ouest, ses falaises de calcaire qui surplombent les eaux turquoise au sud, et son imp\u00e9n\u00e9trable maquis dont les senteurs sauvages se dispersent \u00e0 tous vents, la Corse est une destination d\u2019exception qui s\u00e9duit autant&nbsp;les amateurs de nature, les amoureux de la mer, ceux de la montagne mais \u00e9galement les passionn\u00e9s de pr\u00e9histoire et d&rsquo;histoire.<\/p>\n\n\n\n<figure class=\"wp-block-image alignwide wp-image-465 size-large\"><img decoding=\"async\" width=\"1024\" height=\"683\" src=\"https:\/\/www.vaima.eu\/blog\/wp-content\/uploads\/2016\/09\/Corse-Herve\u0301-Bre\u0301-3-1024x683.jpg\" alt=\"Corse \u00eele durable Herv\u00e9 Br\u00e9 EnezGreen\" class=\"wp-image-465\" srcset=\"https:\/\/www.vaima.eu\/blog\/wp-content\/uploads\/2016\/09\/Corse-Herve\u0301-Bre\u0301-3-1024x683.jpg 1024w, https:\/\/www.vaima.eu\/blog\/wp-content\/uploads\/2016\/09\/Corse-Herve\u0301-Bre\u0301-3-300x200.jpg 300w, https:\/\/www.vaima.eu\/blog\/wp-content\/uploads\/2016\/09\/Corse-Herve\u0301-Bre\u0301-3-768x512.jpg 768w, https:\/\/www.vaima.eu\/blog\/wp-content\/uploads\/2016\/09\/Corse-Herve\u0301-Bre\u0301-3.jpg 1394w\" sizes=\"(max-width: 1024px) 100vw, 1024px\" \/><figcaption class=\"wp-element-caption\">Nature du littorale Corse \u00a9 Herv\u00e9 Br\u00e9 &#8211; EnezGreen<\/figcaption><\/figure>\n\n\n\n<p><span style=\"color: #000000;\">Au-del\u00e0 de sa nature enchanteresse, l\u2019\u00eele se distingue par la volont\u00e9 de son peuple de pr\u00e9server son riche patrimoine et par son admirable r\u00e9sistance aux d\u00e9mons du b\u00e9ton. Si les espaces naturels littoraux de Corse ont \u00e9t\u00e9 bien pr\u00e9serv\u00e9s, c&rsquo;est en partie gr\u00e2ce au d\u00e9veloppement urbain tardif, mais aussi gr\u00e2ce \u00e0 l\u2019action r\u00e9gionaliste engag\u00e9e dans la lutte contre la \u00ab&nbsp;b\u00e9tonisation des c\u00f4tes&nbsp;\u00bb et la \u00ab&nbsp;bal\u00e9arisation&nbsp;\u00bb de l\u2019\u00eele, pour d\u00e9fendre l\u2019acc\u00e8s \u00e0 la terre aux Corses et pr\u00e9server l\u2019environnement. La politique volontariste de l\u2019\u00c9tat a \u00e9galement jou\u00e9 un r\u00f4le majeur&nbsp;en faveur&nbsp;de la pr\u00e9servation exceptionnelle de la Corse.<\/span><\/p>\n\n\n\n<h2 class=\"wp-block-heading\">L&rsquo;\u00eele de Beaut\u00e9 abrite une v\u00e9g\u00e9tation ainsi qu&rsquo;une faune maritime et terrestre d&rsquo;une richesse exceptionnelle<\/h2>\n\n\n\n<p>Le <a href=\"https:\/\/www.conservatoire-du-littoral.fr\/\">Conservatoire du Littoral<\/a> est propri\u00e9taire de 20% du lin\u00e9aire c\u00f4tier, soit 200 km de c\u00f4tes et 17\u2005000 ha. On compte aussi 19 sites class\u00e9s au titre de la loi de mai 1930, quasiment inconstructibles, couvrant 18\u2005000 ha.&nbsp;Avec la loi Littoral, une protection suppl\u00e9mentaire est venue renforcer consid\u00e9rablement le dispositif.<\/p>\n\n\n\n<figure class=\"wp-block-image alignwide wp-image-466 size-large\"><img decoding=\"async\" width=\"1024\" height=\"749\" src=\"https:\/\/www.vaima.eu\/blog\/wp-content\/uploads\/2016\/09\/Corse-Herve\u0301-Bre\u0301-14-1024x749.jpg\" alt=\"Corse \u00eele durable Herv\u00e9 Br\u00e9 EnezGreen\" class=\"wp-image-466\" srcset=\"https:\/\/www.vaima.eu\/blog\/wp-content\/uploads\/2016\/09\/Corse-Herve\u0301-Bre\u0301-14-1024x749.jpg 1024w, https:\/\/www.vaima.eu\/blog\/wp-content\/uploads\/2016\/09\/Corse-Herve\u0301-Bre\u0301-14-300x219.jpg 300w, https:\/\/www.vaima.eu\/blog\/wp-content\/uploads\/2016\/09\/Corse-Herve\u0301-Bre\u0301-14-768x562.jpg 768w, https:\/\/www.vaima.eu\/blog\/wp-content\/uploads\/2016\/09\/Corse-Herve\u0301-Bre\u0301-14.jpg 1272w\" sizes=\"(max-width: 1024px) 100vw, 1024px\" \/><figcaption class=\"wp-element-caption\">Fond marin de Corse \u00a9 Herv\u00e9 Br\u00e9 &#8211; EnezGreen<\/figcaption><\/figure>\n\n\n\n<p>La v\u00e9g\u00e9tation de l\u2019Ile de Beaut\u00e9 est exceptionnelle, avec plusieurs centaines d\u2019esp\u00e8ces end\u00e9miques et&nbsp;abrite des communaut\u00e9s animales end\u00e9miques, une faune maritime et terrestre d\u2019une richesse exceptionnelle. Iles, plages, criques, \u00e9tangs, mar\u00e9cages, maquis, for\u00eats, montagnes, pozzi et lacs constituent des refuges s\u00fbres pour d&rsquo;innombrables esp\u00e8ces remarquables.<\/p>\n\n\n\n<figure class=\"wp-block-image alignwide wp-image-467 size-large\"><img decoding=\"async\" width=\"1024\" height=\"683\" src=\"https:\/\/www.vaima.eu\/blog\/wp-content\/uploads\/2016\/09\/Corse-Herve\u0301-Bre\u0301-25-1024x683.jpg\" alt=\"Corse \u00eele durable Herv\u00e9 Br\u00e9 EnezGreen\" class=\"wp-image-467\" srcset=\"https:\/\/www.vaima.eu\/blog\/wp-content\/uploads\/2016\/09\/Corse-Herve\u0301-Bre\u0301-25-1024x683.jpg 1024w, https:\/\/www.vaima.eu\/blog\/wp-content\/uploads\/2016\/09\/Corse-Herve\u0301-Bre\u0301-25-300x200.jpg 300w, https:\/\/www.vaima.eu\/blog\/wp-content\/uploads\/2016\/09\/Corse-Herve\u0301-Bre\u0301-25-768x512.jpg 768w, https:\/\/www.vaima.eu\/blog\/wp-content\/uploads\/2016\/09\/Corse-Herve\u0301-Bre\u0301-25.jpg 1394w\" sizes=\"(max-width: 1024px) 100vw, 1024px\" \/><figcaption class=\"wp-element-caption\">Dauphin Corse \u00a9 Herv\u00e9 Br\u00e9 &#8211; EnezGreen<\/figcaption><\/figure>\n\n\n\n<p>Sur les 150 esp\u00e8ces de poissons vivant en Corse, environ 50 sont r\u00e9guli\u00e8rement p\u00each\u00e9es et commercialis\u00e9es : rascasse, rouget dorade, loup, sardine, saint-pierre sont les plus fr\u00e9quents. Espadons, m\u00e9rous, marsouins, mur\u00e8nes, dentis et liches sont des esp\u00e8ces prot\u00e9g\u00e9es que l\u2019on trouve essentiellement autour des <a href=\"https:\/\/www.enezgreen.com\/sentier-sous-marin-des-iles-lavezzi\/\">\u00eeles Lavezzi<\/a> et dans la&nbsp;<a href=\"https:\/\/www.enezgreen.com\/reserve-naturelle-de-scandola\/\">r\u00e9serve de Scandola<\/a>. La conservation de ces esp\u00e8ces est \u00e9troitement&nbsp;surveill\u00e9e par les agents du Parc.<\/p>\n\n\n\n<ul>\n<li>Plus d&rsquo;information sur <a aria-label=\" (s\u2019ouvre dans un nouvel onglet)\" href=\"https:\/\/www.enezgreen.com\/reserve-naturelle-de-scandola\/\" target=\"_blank\" rel=\"noreferrer noopener\">la r\u00e9serve de Scandola<\/a><\/li>\n\n\n\n<li>D\u00e9couvrir, <a aria-label=\" (s\u2019ouvre dans un nouvel onglet)\" href=\"https:\/\/www.enezgreen.com\/croisiere-en-bateau-hybride-a-scandola-avec-via-mare\/\" target=\"_blank\" rel=\"noreferrer noopener\">les croisi\u00e8res \u00e0 bord de bateaux hybrides<\/a><\/li>\n\n\n\n<li>Plus d&rsquo;informations sur <a aria-label=\" (s\u2019ouvre dans un nouvel onglet)\" href=\"https:\/\/www.enezgreen.com\/parc-marin-international-des-bouches-de-bonifacio\/\" target=\"_blank\" rel=\"noreferrer noopener\">le parc marin international &#8211; le premier du genre en Europe &#8211; des Bouches de Bonifacio<\/a><\/li>\n<\/ul>\n\n\n\n<div class=\"wp-block-genesis-blocks-gb-container banner-md gb-block-container\"><div class=\"gb-container-inside\"><div class=\"gb-container-content\">\n<div class=\"wp-block-cover aligncenter has-text-color has-link-color wp-duotone-midnight wp-elements-b14cfef2e5726242c739affb7c2b465a\" style=\"color:#ffffff;min-height:112px;aspect-ratio:unset;\"><span aria-hidden=\"true\" class=\"wp-block-cover__background has-background-dim\"><\/span><img decoding=\"async\" width=\"1024\" height=\"683\" class=\"wp-block-cover__image-background wp-image-195\" alt=\"\" src=\"https:\/\/www.vaima.eu\/blog\/wp-content\/uploads\/2016\/06\/Course-au-large-EnezGreen-1024x683.jpg\" style=\"object-position:44% 93%\" data-object-fit=\"cover\" data-object-position=\"44% 93%\" srcset=\"https:\/\/www.vaima.eu\/blog\/wp-content\/uploads\/2016\/06\/Course-au-large-EnezGreen-1024x683.jpg 1024w, https:\/\/www.vaima.eu\/blog\/wp-content\/uploads\/2016\/06\/Course-au-large-EnezGreen-300x200.jpg 300w, https:\/\/www.vaima.eu\/blog\/wp-content\/uploads\/2016\/06\/Course-au-large-EnezGreen-768x512.jpg 768w, https:\/\/www.vaima.eu\/blog\/wp-content\/uploads\/2016\/06\/Course-au-large-EnezGreen.jpg 1395w\" sizes=\"(max-width: 1024px) 100vw, 1024px\" \/><div class=\"wp-block-cover__inner-container is-layout-flow wp-block-cover-is-layout-flow\">\n<div class=\"wp-block-genesis-blocks-gb-container gb-block-container\"><div class=\"gb-container-inside\"><div class=\"gb-container-content\">\n<div class=\"wp-block-genesis-blocks-gb-columns gb-layout-columns-2 gb-2-col-wideleft gb-columns-center\"><div class=\"gb-layout-column-wrap gb-block-layout-column-gap-0 gb-is-responsive-column\" style=\"max-width:2000px\">\n<div class=\"wp-block-genesis-blocks-gb-column gb-block-layout-column\"><div class=\"gb-block-layout-column-inner\">\n<h2 class=\"wp-block-heading\">Lampe Frontale Ultime<\/h2>\n\n\n\n<p>B\u00e9n\u00e9ficiez d&rsquo;un \u00e9clairage haute performance, pour vos aventures de plein air.<\/p>\n<\/div><\/div>\n\n\n\n<div class=\"wp-block-genesis-blocks-gb-column gb-block-layout-column gb-is-vertically-aligned-bottom\"><div class=\"gb-block-layout-column-inner\"><div class=\"wp-block-image\">\n<figure class=\"aligncenter size-full\"><img decoding=\"async\" width=\"800\" height=\"250\" src=\"https:\/\/www.vaima.eu\/blog\/wp-content\/uploads\/2024\/06\/rawpro2.png\" alt=\"\" class=\"wp-image-1481\" srcset=\"https:\/\/www.vaima.eu\/blog\/wp-content\/uploads\/2024\/06\/rawpro2.png 800w, https:\/\/www.vaima.eu\/blog\/wp-content\/uploads\/2024\/06\/rawpro2-300x94.png 300w, https:\/\/www.vaima.eu\/blog\/wp-content\/uploads\/2024\/06\/rawpro2-768x240.png 768w\" sizes=\"(max-width: 800px) 100vw, 800px\" \/><\/figure><\/div><\/div><\/div>\n<\/div><\/div>\n\n\n\n<div class=\"wp-block-buttons is-content-justification-left is-layout-flex wp-container-core-buttons-is-layout-1 wp-block-buttons-is-layout-flex\">\n<div class=\"wp-block-button is-style-fill\"><a class=\"wp-block-button__link has-text-color has-background has-link-color wp-element-button\" href=\"https:\/\/www.vaima.eu\/fr\/lampes-frontales-33\" style=\"border-radius:100px;color:#ffffff;background-color:#96d6db\"><strong>En savoir plus<\/strong><\/a><\/div>\n<\/div>\n<\/div><\/div><\/div>\n<\/div><\/div>\n<\/div><\/div><\/div>\n","protected":false},"excerpt":{"rendered":"<p>Quatri\u00e8me plus grande \u00eele de la M\u00e9diterran\u00e9e, la Corse est pourtant la moins peupl\u00e9e. Consid\u00e9r\u00e9e depuis l&rsquo;Antiquit\u00e9 comme la plus belle &#8211; d&rsquo;o\u00f9 son nom Kalliste &#8211; elle est aujourd&rsquo;hui l&rsquo;\u00eele la mieux pr\u00e9serv\u00e9e de la r\u00e9gion. Un succ\u00e8s qu&rsquo;elle doit \u00e0 l&rsquo;attachement des Corses \u00e0 leur territoire, \u00e0 leur r\u00e9sistance face \u00e0 l&rsquo;urbanisation et [&hellip;]<\/p>\n","protected":false},"author":1,"featured_media":457,"comment_status":"closed","ping_status":"closed","sticky":false,"template":"","format":"standard","meta":{"_acf_changed":false,"_genesis_hide_title":false,"_genesis_hide_breadcrumbs":false,"_genesis_hide_singular_image":false,"_genesis_hide_footer_widgets":false,"_genesis_custom_body_class":"","_genesis_custom_post_class":"","_genesis_layout":"","footnotes":""},"categories":[9],"tags":[],"acf":[],"yoast_head":"<!-- This site is optimized with the Yoast SEO plugin v22.7 - https:\/\/yoast.com\/wordpress\/plugins\/seo\/ -->\n<title>La Corse : l\u2019\u00eele de M\u00e9diterran\u00e9e la mieux pr\u00e9serv\u00e9e &#8226; Va\u00efma<\/title>\n<meta name=\"robots\" content=\"index, follow, max-snippet:-1, max-image-preview:large, max-video-preview:-1\" \/>\n<link rel=\"canonical\" href=\"https:\/\/www.vaima.eu\/blog\/corse-lile-de-mediterranee-mieux-preservee\/\" \/>\n<meta property=\"og:locale\" content=\"fr_FR\" \/>\n<meta property=\"og:type\" content=\"article\" \/>\n<meta property=\"og:title\" content=\"La Corse : l\u2019\u00eele de M\u00e9diterran\u00e9e la mieux pr\u00e9serv\u00e9e &#8226; Va\u00efma\" \/>\n<meta property=\"og:description\" content=\"Quatri\u00e8me plus grande \u00eele de la M\u00e9diterran\u00e9e, la Corse est pourtant la moins peupl\u00e9e. Consid\u00e9r\u00e9e depuis l&rsquo;Antiquit\u00e9 comme la plus belle &#8211; d&rsquo;o\u00f9 son nom Kalliste &#8211; elle est aujourd&rsquo;hui l&rsquo;\u00eele la mieux pr\u00e9serv\u00e9e de la r\u00e9gion. Un succ\u00e8s qu&rsquo;elle doit \u00e0 l&rsquo;attachement des Corses \u00e0 leur territoire, \u00e0 leur r\u00e9sistance face \u00e0 l&rsquo;urbanisation et [&hellip;]\" \/>\n<meta property=\"og:url\" content=\"https:\/\/www.vaima.eu\/blog\/corse-lile-de-mediterranee-mieux-preservee\/\" \/>\n<meta property=\"og:site_name\" content=\"Va\u00efma\" \/>\n<meta property=\"article:published_time\" content=\"2016-09-20T09:22:48+00:00\" \/>\n<meta property=\"article:modified_time\" content=\"2024-06-25T09:54:27+00:00\" \/>\n<meta property=\"og:image\" content=\"https:\/\/www.vaima.eu\/blog\/wp-content\/uploads\/2016\/09\/Corse-Herve\u0301-Bre\u0301-2.jpg\" \/>\n\t<meta property=\"og:image:width\" content=\"1407\" \/>\n\t<meta property=\"og:image:height\" content=\"930\" \/>\n\t<meta property=\"og:image:type\" content=\"image\/jpeg\" \/>\n<meta name=\"author\" content=\"Va\u00efma\" \/>\n<meta name=\"twitter:card\" content=\"summary_large_image\" \/>\n<meta name=\"twitter:label1\" content=\"\u00c9crit par\" \/>\n\t<meta name=\"twitter:data1\" content=\"Va\u00efma\" \/>\n\t<meta name=\"twitter:label2\" content=\"Dur\u00e9e de lecture estim\u00e9e\" \/>\n\t<meta name=\"twitter:data2\" content=\"5 minutes\" \/>\n<script type=\"application\/ld+json\" class=\"yoast-schema-graph\">{\"@context\":\"https:\/\/schema.org\",\"@graph\":[{\"@type\":\"Article\",\"@id\":\"https:\/\/www.vaima.eu\/blog\/corse-lile-de-mediterranee-mieux-preservee\/#article\",\"isPartOf\":{\"@id\":\"https:\/\/www.vaima.eu\/blog\/corse-lile-de-mediterranee-mieux-preservee\/\"},\"author\":{\"name\":\"Va\u00efma\",\"@id\":\"https:\/\/www.vaima.eu\/blog\/#\/schema\/person\/1ba57826f56b805b7c1de2768f3a96a4\"},\"headline\":\"La Corse : l\u2019\u00eele de M\u00e9diterran\u00e9e la mieux pr\u00e9serv\u00e9e\",\"datePublished\":\"2016-09-20T09:22:48+00:00\",\"dateModified\":\"2024-06-25T09:54:27+00:00\",\"mainEntityOfPage\":{\"@id\":\"https:\/\/www.vaima.eu\/blog\/corse-lile-de-mediterranee-mieux-preservee\/\"},\"wordCount\":647,\"publisher\":{\"@id\":\"https:\/\/www.vaima.eu\/blog\/#organization\"},\"image\":{\"@id\":\"https:\/\/www.vaima.eu\/blog\/corse-lile-de-mediterranee-mieux-preservee\/#primaryimage\"},\"thumbnailUrl\":\"https:\/\/www.vaima.eu\/blog\/wp-content\/uploads\/2016\/09\/Corse-Herve\u0301-Bre\u0301-2.jpg\",\"articleSection\":[\"Conservation marine\"],\"inLanguage\":\"fr-FR\"},{\"@type\":\"WebPage\",\"@id\":\"https:\/\/www.vaima.eu\/blog\/corse-lile-de-mediterranee-mieux-preservee\/\",\"url\":\"https:\/\/www.vaima.eu\/blog\/corse-lile-de-mediterranee-mieux-preservee\/\",\"name\":\"La Corse : l\u2019\u00eele de M\u00e9diterran\u00e9e la mieux pr\u00e9serv\u00e9e &#8226; Va\u00efma\",\"isPartOf\":{\"@id\":\"https:\/\/www.vaima.eu\/blog\/#website\"},\"primaryImageOfPage\":{\"@id\":\"https:\/\/www.vaima.eu\/blog\/corse-lile-de-mediterranee-mieux-preservee\/#primaryimage\"},\"image\":{\"@id\":\"https:\/\/www.vaima.eu\/blog\/corse-lile-de-mediterranee-mieux-preservee\/#primaryimage\"},\"thumbnailUrl\":\"https:\/\/www.vaima.eu\/blog\/wp-content\/uploads\/2016\/09\/Corse-Herve\u0301-Bre\u0301-2.jpg\",\"datePublished\":\"2016-09-20T09:22:48+00:00\",\"dateModified\":\"2024-06-25T09:54:27+00:00\",\"breadcrumb\":{\"@id\":\"https:\/\/www.vaima.eu\/blog\/corse-lile-de-mediterranee-mieux-preservee\/#breadcrumb\"},\"inLanguage\":\"fr-FR\",\"potentialAction\":[{\"@type\":\"ReadAction\",\"target\":[\"https:\/\/www.vaima.eu\/blog\/corse-lile-de-mediterranee-mieux-preservee\/\"]}]},{\"@type\":\"ImageObject\",\"inLanguage\":\"fr-FR\",\"@id\":\"https:\/\/www.vaima.eu\/blog\/corse-lile-de-mediterranee-mieux-preservee\/#primaryimage\",\"url\":\"https:\/\/www.vaima.eu\/blog\/wp-content\/uploads\/2016\/09\/Corse-Herve\u0301-Bre\u0301-2.jpg\",\"contentUrl\":\"https:\/\/www.vaima.eu\/blog\/wp-content\/uploads\/2016\/09\/Corse-Herve\u0301-Bre\u0301-2.jpg\",\"width\":1407,\"height\":930,\"caption\":\"Navigation \u00e0 la voile en Corse \u00a9 Herv\u00e9 Br\u00e9 -EnezGreen\"},{\"@type\":\"BreadcrumbList\",\"@id\":\"https:\/\/www.vaima.eu\/blog\/corse-lile-de-mediterranee-mieux-preservee\/#breadcrumb\",\"itemListElement\":[{\"@type\":\"ListItem\",\"position\":1,\"name\":\"Blog\",\"item\":\"https:\/\/www.vaima.eu\/blog\/\"},{\"@type\":\"ListItem\",\"position\":2,\"name\":\"Conservation marine\",\"item\":\"https:\/\/www.vaima.eu\/blog\/category\/conservation-marine\/\"},{\"@type\":\"ListItem\",\"position\":3,\"name\":\"La Corse : l\u2019\u00eele de M\u00e9diterran\u00e9e la mieux pr\u00e9serv\u00e9e\"}]},{\"@type\":\"WebSite\",\"@id\":\"https:\/\/www.vaima.eu\/blog\/#website\",\"url\":\"https:\/\/www.vaima.eu\/blog\/\",\"name\":\"Va\u00efma\",\"description\":\"Voyages d&#039;aventure, activit\u00e9s sportives et loisirs de plein air autour du globe\",\"publisher\":{\"@id\":\"https:\/\/www.vaima.eu\/blog\/#organization\"},\"potentialAction\":[{\"@type\":\"SearchAction\",\"target\":{\"@type\":\"EntryPoint\",\"urlTemplate\":\"https:\/\/www.vaima.eu\/blog\/?s={search_term_string}\"},\"query-input\":\"required name=search_term_string\"}],\"inLanguage\":\"fr-FR\"},{\"@type\":\"Organization\",\"@id\":\"https:\/\/www.vaima.eu\/blog\/#organization\",\"name\":\"Vaima\",\"url\":\"https:\/\/www.vaima.eu\/blog\/\",\"logo\":{\"@type\":\"ImageObject\",\"inLanguage\":\"fr-FR\",\"@id\":\"https:\/\/www.vaima.eu\/blog\/#\/schema\/logo\/image\/\",\"url\":\"https:\/\/www.vaima.eu\/blog\/wp-content\/uploads\/2017\/04\/cropped-cropped-favicon_vaima_blog-e1506784380454.png\",\"contentUrl\":\"https:\/\/www.vaima.eu\/blog\/wp-content\/uploads\/2017\/04\/cropped-cropped-favicon_vaima_blog-e1506784380454.png\",\"width\":76,\"height\":76,\"caption\":\"Vaima\"},\"image\":{\"@id\":\"https:\/\/www.vaima.eu\/blog\/#\/schema\/logo\/image\/\"}},{\"@type\":\"Person\",\"@id\":\"https:\/\/www.vaima.eu\/blog\/#\/schema\/person\/1ba57826f56b805b7c1de2768f3a96a4\",\"name\":\"Va\u00efma\",\"image\":{\"@type\":\"ImageObject\",\"inLanguage\":\"fr-FR\",\"@id\":\"https:\/\/www.vaima.eu\/blog\/#\/schema\/person\/image\/\",\"url\":\"https:\/\/secure.gravatar.com\/avatar\/d79009a216fc73bfb503ad2150e7a55f?s=96&d=mm&r=g\",\"contentUrl\":\"https:\/\/secure.gravatar.com\/avatar\/d79009a216fc73bfb503ad2150e7a55f?s=96&d=mm&r=g\",\"caption\":\"Va\u00efma\"}}]}<\/script>\n<!-- \/ Yoast SEO plugin. -->","yoast_head_json":{"title":"La Corse : l\u2019\u00eele de M\u00e9diterran\u00e9e la mieux pr\u00e9serv\u00e9e &#8226; Va\u00efma","robots":{"index":"index","follow":"follow","max-snippet":"max-snippet:-1","max-image-preview":"max-image-preview:large","max-video-preview":"max-video-preview:-1"},"canonical":"https:\/\/www.vaima.eu\/blog\/corse-lile-de-mediterranee-mieux-preservee\/","og_locale":"fr_FR","og_type":"article","og_title":"La Corse : l\u2019\u00eele de M\u00e9diterran\u00e9e la mieux pr\u00e9serv\u00e9e &#8226; Va\u00efma","og_description":"Quatri\u00e8me plus grande \u00eele de la M\u00e9diterran\u00e9e, la Corse est pourtant la moins peupl\u00e9e. Consid\u00e9r\u00e9e depuis l&rsquo;Antiquit\u00e9 comme la plus belle &#8211; d&rsquo;o\u00f9 son nom Kalliste &#8211; elle est aujourd&rsquo;hui l&rsquo;\u00eele la mieux pr\u00e9serv\u00e9e de la r\u00e9gion. Un succ\u00e8s qu&rsquo;elle doit \u00e0 l&rsquo;attachement des Corses \u00e0 leur territoire, \u00e0 leur r\u00e9sistance face \u00e0 l&rsquo;urbanisation et [&hellip;]","og_url":"https:\/\/www.vaima.eu\/blog\/corse-lile-de-mediterranee-mieux-preservee\/","og_site_name":"Va\u00efma","article_published_time":"2016-09-20T09:22:48+00:00","article_modified_time":"2024-06-25T09:54:27+00:00","og_image":[{"width":1407,"height":930,"url":"https:\/\/www.vaima.eu\/blog\/wp-content\/uploads\/2016\/09\/Corse-Herve\u0301-Bre\u0301-2.jpg","type":"image\/jpeg"}],"author":"Va\u00efma","twitter_card":"summary_large_image","twitter_misc":{"\u00c9crit par":"Va\u00efma","Dur\u00e9e de lecture estim\u00e9e":"5 minutes"},"schema":{"@context":"https:\/\/schema.org","@graph":[{"@type":"Article","@id":"https:\/\/www.vaima.eu\/blog\/corse-lile-de-mediterranee-mieux-preservee\/#article","isPartOf":{"@id":"https:\/\/www.vaima.eu\/blog\/corse-lile-de-mediterranee-mieux-preservee\/"},"author":{"name":"Va\u00efma","@id":"https:\/\/www.vaima.eu\/blog\/#\/schema\/person\/1ba57826f56b805b7c1de2768f3a96a4"},"headline":"La Corse : l\u2019\u00eele de M\u00e9diterran\u00e9e la mieux pr\u00e9serv\u00e9e","datePublished":"2016-09-20T09:22:48+00:00","dateModified":"2024-06-25T09:54:27+00:00","mainEntityOfPage":{"@id":"https:\/\/www.vaima.eu\/blog\/corse-lile-de-mediterranee-mieux-preservee\/"},"wordCount":647,"publisher":{"@id":"https:\/\/www.vaima.eu\/blog\/#organization"},"image":{"@id":"https:\/\/www.vaima.eu\/blog\/corse-lile-de-mediterranee-mieux-preservee\/#primaryimage"},"thumbnailUrl":"https:\/\/www.vaima.eu\/blog\/wp-content\/uploads\/2016\/09\/Corse-Herve\u0301-Bre\u0301-2.jpg","articleSection":["Conservation marine"],"inLanguage":"fr-FR"},{"@type":"WebPage","@id":"https:\/\/www.vaima.eu\/blog\/corse-lile-de-mediterranee-mieux-preservee\/","url":"https:\/\/www.vaima.eu\/blog\/corse-lile-de-mediterranee-mieux-preservee\/","name":"La Corse : l\u2019\u00eele de M\u00e9diterran\u00e9e la mieux pr\u00e9serv\u00e9e &#8226; Va\u00efma","isPartOf":{"@id":"https:\/\/www.vaima.eu\/blog\/#website"},"primaryImageOfPage":{"@id":"https:\/\/www.vaima.eu\/blog\/corse-lile-de-mediterranee-mieux-preservee\/#primaryimage"},"image":{"@id":"https:\/\/www.vaima.eu\/blog\/corse-lile-de-mediterranee-mieux-preservee\/#primaryimage"},"thumbnailUrl":"https:\/\/www.vaima.eu\/blog\/wp-content\/uploads\/2016\/09\/Corse-Herve\u0301-Bre\u0301-2.jpg","datePublished":"2016-09-20T09:22:48+00:00","dateModified":"2024-06-25T09:54:27+00:00","breadcrumb":{"@id":"https:\/\/www.vaima.eu\/blog\/corse-lile-de-mediterranee-mieux-preservee\/#breadcrumb"},"inLanguage":"fr-FR","potentialAction":[{"@type":"ReadAction","target":["https:\/\/www.vaima.eu\/blog\/corse-lile-de-mediterranee-mieux-preservee\/"]}]},{"@type":"ImageObject","inLanguage":"fr-FR","@id":"https:\/\/www.vaima.eu\/blog\/corse-lile-de-mediterranee-mieux-preservee\/#primaryimage","url":"https:\/\/www.vaima.eu\/blog\/wp-content\/uploads\/2016\/09\/Corse-Herve\u0301-Bre\u0301-2.jpg","contentUrl":"https:\/\/www.vaima.eu\/blog\/wp-content\/uploads\/2016\/09\/Corse-Herve\u0301-Bre\u0301-2.jpg","width":1407,"height":930,"caption":"Navigation \u00e0 la voile en Corse \u00a9 Herv\u00e9 Br\u00e9 -EnezGreen"},{"@type":"BreadcrumbList","@id":"https:\/\/www.vaima.eu\/blog\/corse-lile-de-mediterranee-mieux-preservee\/#breadcrumb","itemListElement":[{"@type":"ListItem","position":1,"name":"Blog","item":"https:\/\/www.vaima.eu\/blog\/"},{"@type":"ListItem","position":2,"name":"Conservation marine","item":"https:\/\/www.vaima.eu\/blog\/category\/conservation-marine\/"},{"@type":"ListItem","position":3,"name":"La Corse : l\u2019\u00eele de M\u00e9diterran\u00e9e la mieux pr\u00e9serv\u00e9e"}]},{"@type":"WebSite","@id":"https:\/\/www.vaima.eu\/blog\/#website","url":"https:\/\/www.vaima.eu\/blog\/","name":"Va\u00efma","description":"Voyages d&#039;aventure, activit\u00e9s sportives et loisirs de plein air autour du globe","publisher":{"@id":"https:\/\/www.vaima.eu\/blog\/#organization"},"potentialAction":[{"@type":"SearchAction","target":{"@type":"EntryPoint","urlTemplate":"https:\/\/www.vaima.eu\/blog\/?s={search_term_string}"},"query-input":"required name=search_term_string"}],"inLanguage":"fr-FR"},{"@type":"Organization","@id":"https:\/\/www.vaima.eu\/blog\/#organization","name":"Vaima","url":"https:\/\/www.vaima.eu\/blog\/","logo":{"@type":"ImageObject","inLanguage":"fr-FR","@id":"https:\/\/www.vaima.eu\/blog\/#\/schema\/logo\/image\/","url":"https:\/\/www.vaima.eu\/blog\/wp-content\/uploads\/2017\/04\/cropped-cropped-favicon_vaima_blog-e1506784380454.png","contentUrl":"https:\/\/www.vaima.eu\/blog\/wp-content\/uploads\/2017\/04\/cropped-cropped-favicon_vaima_blog-e1506784380454.png","width":76,"height":76,"caption":"Vaima"},"image":{"@id":"https:\/\/www.vaima.eu\/blog\/#\/schema\/logo\/image\/"}},{"@type":"Person","@id":"https:\/\/www.vaima.eu\/blog\/#\/schema\/person\/1ba57826f56b805b7c1de2768f3a96a4","name":"Va\u00efma","image":{"@type":"ImageObject","inLanguage":"fr-FR","@id":"https:\/\/www.vaima.eu\/blog\/#\/schema\/person\/image\/","url":"https:\/\/secure.gravatar.com\/avatar\/d79009a216fc73bfb503ad2150e7a55f?s=96&d=mm&r=g","contentUrl":"https:\/\/secure.gravatar.com\/avatar\/d79009a216fc73bfb503ad2150e7a55f?s=96&d=mm&r=g","caption":"Va\u00efma"}}]}},"featured_image_src":"https:\/\/www.vaima.eu\/blog\/wp-content\/uploads\/2016\/09\/Corse-Herve\u0301-Bre\u0301-2.jpg","featured_image_src_square":"https:\/\/www.vaima.eu\/blog\/wp-content\/uploads\/2016\/09\/Corse-Herve\u0301-Bre\u0301-2.jpg","author_info":{"display_name":"Va\u00efma","author_link":"https:\/\/www.vaima.eu\/blog\/author\/vaimaeuxat\/"},"_links":{"self":[{"href":"https:\/\/www.vaima.eu\/blog\/wp-json\/wp\/v2\/posts\/453"}],"collection":[{"href":"https:\/\/www.vaima.eu\/blog\/wp-json\/wp\/v2\/posts"}],"about":[{"href":"https:\/\/www.vaima.eu\/blog\/wp-json\/wp\/v2\/types\/post"}],"author":[{"embeddable":true,"href":"https:\/\/www.vaima.eu\/blog\/wp-json\/wp\/v2\/users\/1"}],"replies":[{"embeddable":true,"href":"https:\/\/www.vaima.eu\/blog\/wp-json\/wp\/v2\/comments?post=453"}],"version-history":[{"count":10,"href":"https:\/\/www.vaima.eu\/blog\/wp-json\/wp\/v2\/posts\/453\/revisions"}],"predecessor-version":[{"id":1704,"href":"https:\/\/www.vaima.eu\/blog\/wp-json\/wp\/v2\/posts\/453\/revisions\/1704"}],"wp:featuredmedia":[{"embeddable":true,"href":"https:\/\/www.vaima.eu\/blog\/wp-json\/wp\/v2\/media\/457"}],"wp:attachment":[{"href":"https:\/\/www.vaima.eu\/blog\/wp-json\/wp\/v2\/media?parent=453"}],"wp:term":[{"taxonomy":"category","embeddable":true,"href":"https:\/\/www.vaima.eu\/blog\/wp-json\/wp\/v2\/categories?post=453"},{"taxonomy":"post_tag","embeddable":true,"href":"https:\/\/www.vaima.eu\/blog\/wp-json\/wp\/v2\/tags?post=453"}],"curies":[{"name":"wp","href":"https:\/\/api.w.org\/{rel}","templated":true}]}}