{"id":399,"date":"2016-08-04T18:04:35","date_gmt":"2016-08-04T16:04:35","guid":{"rendered":"https:\/\/www.vaima.eu\/blog\/?p=399"},"modified":"2024-06-14T18:31:24","modified_gmt":"2024-06-14T16:31:24","slug":"san-francisco-premiere-ville-a-interdire-polystyrene","status":"publish","type":"post","link":"https:\/\/www.vaima.eu\/blog\/san-francisco-premiere-ville-a-interdire-polystyrene\/","title":{"rendered":"San Francisco : premi\u00e8re ville \u00e0 interdire le polystyr\u00e8ne !"},"content":{"rendered":"\n<p>Apr\u00e8s avoir interdit le sac plastique simple usage en 2007, San Francisco&nbsp;bannit d\u00e9sormais le polystyr\u00e8ne.&nbsp;Reconnue comme ville pionni\u00e8re des causes \u00e9cologiques &#8211; 80% du contenu de ses poubelles est retrait\u00e9 -, SF vise le \u00ab&nbsp;z\u00e9ro d\u00e9chet&nbsp;\u00bb pour l\u2019horizon 2020. Plus de 8% des&nbsp; microparticules trouv\u00e9es dans la baie de San Francisco ont \u00e9t\u00e9 identifi\u00e9es comme \u00e9tant du polystyr\u00e8ne, qui est&nbsp;tr\u00e8s long \u00e0 se d\u00e9sagr\u00e9ger et nuit \u00e0 la faune et aux oiseaux marins.<\/p>\n\n\n\n<!--more-->\n\n\n\n<h2 class=\"wp-block-heading\">La ville de San Francisco, pionni\u00e8re en mati\u00e8re du \u00ab&nbsp;no waste&nbsp;\u00bb interdit le polystyr\u00e8ne<\/h2>\n\n\n\n<p>Alors que la France vient seulement d&rsquo;interdire les sacs en plastique jetable depuis ce 1er juillet, San Francisco qui a vot\u00e9 cette mesure&nbsp;il y a d\u00e9j\u00e0 9 ans, passe \u00e0 la vitesse sup\u00e9rieure en bannissant le polystyr\u00e8ne ! En 2017, les 850 000 habitants de la ville aux cinquante collines ne pourront plus, \u00e0 partir du 1er Janvier, acheter de produits en mousse de polystyr\u00e8ne, telles que des&nbsp;glaci\u00e8res, pagaies ou encore des jouets de piscine, tandis que la vente de produits frais&nbsp;emball\u00e9s par du polystyr\u00e8ne et de vaisselle \u00e0 usage unique sera interdite \u00e0 compter du&nbsp;1er Juillet.<\/p>\n\n\n\n<h2 class=\"wp-block-heading\">Interdiction du&nbsp;polystyr\u00e8ne ordinaire qui n&rsquo;est pas biod\u00e9gradable, et qui&nbsp;enfoui, a une dur\u00e9e de vie d&rsquo;environ&nbsp;500&nbsp;ans<\/h2>\n\n\n\n<p>Il va sans dire que les \u00e9cologistes se r\u00e9jouissent de cette mesure qu&rsquo;ils qualifient comme&nbsp;l&rsquo;interdiction \u00e9cologique la plus courageuse jamais prise par une juridiction am\u00e9ricaine concernant un produit \u00e9conomique tr\u00e8s utilis\u00e9 des Am\u00e9ricains notamment au niveau des repas \u00e0 emporter. Car ce plastique, si l\u00e9ger et si&nbsp;pratique, qui permet de&nbsp;maintenir des boissons chaudes ou froides, est extr\u00eamement lent \u00e0 se d\u00e9composer, pollue les cours d&rsquo;eau et nuit \u00e0 la vie marine et aux&nbsp;oiseaux.&nbsp;D&rsquo;apr\u00e8s une \u00e9tude scientifique r\u00e9alis\u00e9e en 2015, 8 %&nbsp;des microparticules retrouv\u00e9es dans la baie de San Francisco ont \u00e9t\u00e9 identifi\u00e9es comme issues de la mousse de polystyr\u00e8ne. Dans l&rsquo;ensemble, la quantit\u00e9 de billes en plastique trouv\u00e9e dans la baie \u00e9tait sept fois plus \u00e9lev\u00e9e que dans le lac \u00c9ri\u00e9, qui est le plus pollu\u00e9 des Grands Lacs.<\/p>\n\n\n\n<p>Les d\u00e9tracteurs, cependant, disent que la loi ne sera pas efficace pour lutter contre les emballages de produits exp\u00e9di\u00e9s \u00e0 San Francisco \u00a0&#8211; tels que des radiateurs, des ordinateurs et \u00e0 peu pr\u00e8s tout le reste &#8211; affaiblissant ainsi\u00a0le but d\u00e9clar\u00e9 de San Francisco de r\u00e9duire les d\u00e9chets. D&rsquo;apr\u00e8s eux, le recyclage du polystyr\u00e8ne serait plus efficace.<\/p>\n\n\n\n<div class=\"wp-block-genesis-blocks-gb-container banner-md banner-color-orange gb-block-container\"><div class=\"gb-container-inside\"><div class=\"gb-container-content\">\n<div class=\"wp-block-cover aligncenter has-link-color wp-duotone-blue-orange wp-elements-28c52210a106177efac030c87b2d33ae\" style=\"min-height:112px;aspect-ratio:unset;\"><span aria-hidden=\"true\" class=\"wp-block-cover__background has-background-dim\"><\/span><img decoding=\"async\" width=\"1024\" height=\"683\" class=\"wp-block-cover__image-background wp-image-195\" alt=\"\" src=\"https:\/\/www.vaima.eu\/blog\/wp-content\/uploads\/2016\/06\/Course-au-large-EnezGreen-1024x683.jpg\" style=\"object-position:44% 93%\" data-object-fit=\"cover\" data-object-position=\"44% 93%\" srcset=\"https:\/\/www.vaima.eu\/blog\/wp-content\/uploads\/2016\/06\/Course-au-large-EnezGreen-1024x683.jpg 1024w, https:\/\/www.vaima.eu\/blog\/wp-content\/uploads\/2016\/06\/Course-au-large-EnezGreen-300x200.jpg 300w, https:\/\/www.vaima.eu\/blog\/wp-content\/uploads\/2016\/06\/Course-au-large-EnezGreen-768x512.jpg 768w, https:\/\/www.vaima.eu\/blog\/wp-content\/uploads\/2016\/06\/Course-au-large-EnezGreen.jpg 1395w\" sizes=\"(max-width: 1024px) 100vw, 1024px\" \/><div class=\"wp-block-cover__inner-container is-layout-flow wp-block-cover-is-layout-flow\">\n<div class=\"wp-block-genesis-blocks-gb-container gb-block-container\"><div class=\"gb-container-inside\"><div class=\"gb-container-content\">\n<div class=\"wp-block-genesis-blocks-gb-columns gb-layout-columns-2 gb-2-col-wideleft gb-columns-center\"><div class=\"gb-layout-column-wrap gb-block-layout-column-gap-0 gb-is-responsive-column\" style=\"max-width:2000px\">\n<div class=\"wp-block-genesis-blocks-gb-column gb-block-layout-column\"><div class=\"gb-block-layout-column-inner\">\n<h2 class=\"wp-block-heading\">Signal visuel de d\u00e9tresse<\/h2>\n\n\n\n<p>D\u00e9couvrez ODEO Distress Flare, un dispositif de signalisation de d\u00e9tresse visuelle \u00e0 LED avec signal infrarouge. Visible \u00e0 plus de 3 NM (5 km) sur tout l\u2019h\u00e9misph\u00e8re et avec plus de 8 heures d\u2019autonomie, il assure une signalisation efficace en cas d&rsquo;urgence.<\/p>\n<\/div><\/div>\n\n\n\n<div class=\"wp-block-genesis-blocks-gb-column gb-block-layout-column gb-is-vertically-aligned-bottom\"><div class=\"gb-block-layout-column-inner\"><div class=\"wp-block-image\">\n<figure class=\"aligncenter size-full\"><img decoding=\"async\" width=\"500\" height=\"500\" src=\"https:\/\/www.vaima.eu\/blog\/wp-content\/uploads\/2024\/06\/product-odeo-distress-flare-accessory-1.png\" alt=\"\" class=\"wp-image-1519\" srcset=\"https:\/\/www.vaima.eu\/blog\/wp-content\/uploads\/2024\/06\/product-odeo-distress-flare-accessory-1.png 500w, https:\/\/www.vaima.eu\/blog\/wp-content\/uploads\/2024\/06\/product-odeo-distress-flare-accessory-1-300x300.png 300w, https:\/\/www.vaima.eu\/blog\/wp-content\/uploads\/2024\/06\/product-odeo-distress-flare-accessory-1-150x150.png 150w\" sizes=\"(max-width: 500px) 100vw, 500px\" \/><\/figure><\/div><\/div><\/div>\n<\/div><\/div>\n\n\n\n<div class=\"wp-block-buttons is-content-justification-left is-layout-flex wp-container-core-buttons-is-layout-1 wp-block-buttons-is-layout-flex\">\n<div class=\"wp-block-button has-custom-font-size is-style-fill has-small-font-size\"><a class=\"wp-block-button__link has-text-color has-background has-link-color wp-element-button\" href=\"https:\/\/www.vaima.eu\/fr\/feu-a-main-led-odeo-distress-flare-50.html\" style=\"border-radius:100px;color:#ffffff;background-color:#ffe388\"><strong>En savoir plus<\/strong><\/a><\/div>\n<\/div>\n<\/div><\/div><\/div>\n<\/div><\/div>\n<\/div><\/div><\/div>\n","protected":false},"excerpt":{"rendered":"<p>Apr\u00e8s avoir interdit le sac plastique simple usage en 2007, San Francisco&nbsp;bannit d\u00e9sormais le polystyr\u00e8ne.&nbsp;Reconnue comme ville pionni\u00e8re des causes \u00e9cologiques &#8211; 80% du contenu de ses poubelles est retrait\u00e9 -, SF vise le \u00ab&nbsp;z\u00e9ro d\u00e9chet&nbsp;\u00bb pour l\u2019horizon 2020. Plus de 8% des&nbsp; microparticules trouv\u00e9es dans la baie de San Francisco ont \u00e9t\u00e9 identifi\u00e9es comme [&hellip;]<\/p>\n","protected":false},"author":1,"featured_media":404,"comment_status":"closed","ping_status":"closed","sticky":false,"template":"","format":"standard","meta":{"_acf_changed":false,"_genesis_hide_title":false,"_genesis_hide_breadcrumbs":false,"_genesis_hide_singular_image":false,"_genesis_hide_footer_widgets":false,"_genesis_custom_body_class":"","_genesis_custom_post_class":"","_genesis_layout":"","footnotes":""},"categories":[9],"tags":[],"acf":[],"yoast_head":"<!-- This site is optimized with the Yoast SEO plugin v22.7 - https:\/\/yoast.com\/wordpress\/plugins\/seo\/ -->\n<title>San Francisco : premi\u00e8re ville \u00e0 interdire le polystyr\u00e8ne ! &#8226; Va\u00efma<\/title>\n<meta name=\"robots\" content=\"index, follow, max-snippet:-1, max-image-preview:large, max-video-preview:-1\" \/>\n<link rel=\"canonical\" href=\"https:\/\/www.vaima.eu\/blog\/san-francisco-premiere-ville-a-interdire-polystyrene\/\" \/>\n<meta property=\"og:locale\" content=\"fr_FR\" \/>\n<meta property=\"og:type\" content=\"article\" \/>\n<meta property=\"og:title\" content=\"San Francisco : premi\u00e8re ville \u00e0 interdire le polystyr\u00e8ne ! &#8226; Va\u00efma\" \/>\n<meta property=\"og:description\" content=\"Apr\u00e8s avoir interdit le sac plastique simple usage en 2007, San Francisco&nbsp;bannit d\u00e9sormais le polystyr\u00e8ne.&nbsp;Reconnue comme ville pionni\u00e8re des causes \u00e9cologiques &#8211; 80% du contenu de ses poubelles est retrait\u00e9 -, SF vise le \u00ab&nbsp;z\u00e9ro d\u00e9chet&nbsp;\u00bb pour l\u2019horizon 2020. Plus de 8% des&nbsp; microparticules trouv\u00e9es dans la baie de San Francisco ont \u00e9t\u00e9 identifi\u00e9es comme [&hellip;]\" \/>\n<meta property=\"og:url\" content=\"https:\/\/www.vaima.eu\/blog\/san-francisco-premiere-ville-a-interdire-polystyrene\/\" \/>\n<meta property=\"og:site_name\" content=\"Va\u00efma\" \/>\n<meta property=\"article:published_time\" content=\"2016-08-04T16:04:35+00:00\" \/>\n<meta property=\"article:modified_time\" content=\"2024-06-14T16:31:24+00:00\" \/>\n<meta property=\"og:image\" content=\"https:\/\/www.vaima.eu\/blog\/wp-content\/uploads\/2016\/08\/GdCaymanTurtle@HerveBre-EnezGreen.com_.jpg\" \/>\n\t<meta property=\"og:image:width\" content=\"1727\" \/>\n\t<meta property=\"og:image:height\" content=\"1234\" \/>\n\t<meta property=\"og:image:type\" content=\"image\/jpeg\" \/>\n<meta name=\"author\" content=\"Va\u00efma\" \/>\n<meta name=\"twitter:card\" content=\"summary_large_image\" \/>\n<meta name=\"twitter:label1\" content=\"\u00c9crit par\" \/>\n\t<meta name=\"twitter:data1\" content=\"Va\u00efma\" \/>\n\t<meta name=\"twitter:label2\" content=\"Dur\u00e9e de lecture estim\u00e9e\" \/>\n\t<meta name=\"twitter:data2\" content=\"3 minutes\" \/>\n<script type=\"application\/ld+json\" class=\"yoast-schema-graph\">{\"@context\":\"https:\/\/schema.org\",\"@graph\":[{\"@type\":\"Article\",\"@id\":\"https:\/\/www.vaima.eu\/blog\/san-francisco-premiere-ville-a-interdire-polystyrene\/#article\",\"isPartOf\":{\"@id\":\"https:\/\/www.vaima.eu\/blog\/san-francisco-premiere-ville-a-interdire-polystyrene\/\"},\"author\":{\"name\":\"Va\u00efma\",\"@id\":\"https:\/\/www.vaima.eu\/blog\/#\/schema\/person\/1ba57826f56b805b7c1de2768f3a96a4\"},\"headline\":\"San Francisco : premi\u00e8re ville \u00e0 interdire le polystyr\u00e8ne !\",\"datePublished\":\"2016-08-04T16:04:35+00:00\",\"dateModified\":\"2024-06-14T16:31:24+00:00\",\"mainEntityOfPage\":{\"@id\":\"https:\/\/www.vaima.eu\/blog\/san-francisco-premiere-ville-a-interdire-polystyrene\/\"},\"wordCount\":460,\"publisher\":{\"@id\":\"https:\/\/www.vaima.eu\/blog\/#organization\"},\"image\":{\"@id\":\"https:\/\/www.vaima.eu\/blog\/san-francisco-premiere-ville-a-interdire-polystyrene\/#primaryimage\"},\"thumbnailUrl\":\"https:\/\/www.vaima.eu\/blog\/wp-content\/uploads\/2016\/08\/GdCaymanTurtle@HerveBre-EnezGreen.com_.jpg\",\"articleSection\":[\"Conservation marine\"],\"inLanguage\":\"fr-FR\"},{\"@type\":\"WebPage\",\"@id\":\"https:\/\/www.vaima.eu\/blog\/san-francisco-premiere-ville-a-interdire-polystyrene\/\",\"url\":\"https:\/\/www.vaima.eu\/blog\/san-francisco-premiere-ville-a-interdire-polystyrene\/\",\"name\":\"San Francisco : premi\u00e8re ville \u00e0 interdire le polystyr\u00e8ne ! &#8226; Va\u00efma\",\"isPartOf\":{\"@id\":\"https:\/\/www.vaima.eu\/blog\/#website\"},\"primaryImageOfPage\":{\"@id\":\"https:\/\/www.vaima.eu\/blog\/san-francisco-premiere-ville-a-interdire-polystyrene\/#primaryimage\"},\"image\":{\"@id\":\"https:\/\/www.vaima.eu\/blog\/san-francisco-premiere-ville-a-interdire-polystyrene\/#primaryimage\"},\"thumbnailUrl\":\"https:\/\/www.vaima.eu\/blog\/wp-content\/uploads\/2016\/08\/GdCaymanTurtle@HerveBre-EnezGreen.com_.jpg\",\"datePublished\":\"2016-08-04T16:04:35+00:00\",\"dateModified\":\"2024-06-14T16:31:24+00:00\",\"breadcrumb\":{\"@id\":\"https:\/\/www.vaima.eu\/blog\/san-francisco-premiere-ville-a-interdire-polystyrene\/#breadcrumb\"},\"inLanguage\":\"fr-FR\",\"potentialAction\":[{\"@type\":\"ReadAction\",\"target\":[\"https:\/\/www.vaima.eu\/blog\/san-francisco-premiere-ville-a-interdire-polystyrene\/\"]}]},{\"@type\":\"ImageObject\",\"inLanguage\":\"fr-FR\",\"@id\":\"https:\/\/www.vaima.eu\/blog\/san-francisco-premiere-ville-a-interdire-polystyrene\/#primaryimage\",\"url\":\"https:\/\/www.vaima.eu\/blog\/wp-content\/uploads\/2016\/08\/GdCaymanTurtle@HerveBre-EnezGreen.com_.jpg\",\"contentUrl\":\"https:\/\/www.vaima.eu\/blog\/wp-content\/uploads\/2016\/08\/GdCaymanTurtle@HerveBre-EnezGreen.com_.jpg\",\"width\":1727,\"height\":1234,\"caption\":\"L'interdiction du polystyr\u00e8ne \u00e0 San Francisco est une mesure qui devrait \u00eatre suivie par d'autres villes et gouvernements pour lutter contre le fl\u00e9au du plastique qui nuit particuli\u00e8rement \u00e0 la vie marine et aux insulaires.\"},{\"@type\":\"BreadcrumbList\",\"@id\":\"https:\/\/www.vaima.eu\/blog\/san-francisco-premiere-ville-a-interdire-polystyrene\/#breadcrumb\",\"itemListElement\":[{\"@type\":\"ListItem\",\"position\":1,\"name\":\"Blog\",\"item\":\"https:\/\/www.vaima.eu\/blog\/\"},{\"@type\":\"ListItem\",\"position\":2,\"name\":\"Conservation marine\",\"item\":\"https:\/\/www.vaima.eu\/blog\/category\/conservation-marine\/\"},{\"@type\":\"ListItem\",\"position\":3,\"name\":\"San Francisco : premi\u00e8re ville \u00e0 interdire le polystyr\u00e8ne !\"}]},{\"@type\":\"WebSite\",\"@id\":\"https:\/\/www.vaima.eu\/blog\/#website\",\"url\":\"https:\/\/www.vaima.eu\/blog\/\",\"name\":\"Va\u00efma\",\"description\":\"Voyages d&#039;aventure, activit\u00e9s sportives et loisirs de plein air autour du globe\",\"publisher\":{\"@id\":\"https:\/\/www.vaima.eu\/blog\/#organization\"},\"potentialAction\":[{\"@type\":\"SearchAction\",\"target\":{\"@type\":\"EntryPoint\",\"urlTemplate\":\"https:\/\/www.vaima.eu\/blog\/?s={search_term_string}\"},\"query-input\":\"required name=search_term_string\"}],\"inLanguage\":\"fr-FR\"},{\"@type\":\"Organization\",\"@id\":\"https:\/\/www.vaima.eu\/blog\/#organization\",\"name\":\"Vaima\",\"url\":\"https:\/\/www.vaima.eu\/blog\/\",\"logo\":{\"@type\":\"ImageObject\",\"inLanguage\":\"fr-FR\",\"@id\":\"https:\/\/www.vaima.eu\/blog\/#\/schema\/logo\/image\/\",\"url\":\"https:\/\/www.vaima.eu\/blog\/wp-content\/uploads\/2017\/04\/cropped-cropped-favicon_vaima_blog-e1506784380454.png\",\"contentUrl\":\"https:\/\/www.vaima.eu\/blog\/wp-content\/uploads\/2017\/04\/cropped-cropped-favicon_vaima_blog-e1506784380454.png\",\"width\":76,\"height\":76,\"caption\":\"Vaima\"},\"image\":{\"@id\":\"https:\/\/www.vaima.eu\/blog\/#\/schema\/logo\/image\/\"}},{\"@type\":\"Person\",\"@id\":\"https:\/\/www.vaima.eu\/blog\/#\/schema\/person\/1ba57826f56b805b7c1de2768f3a96a4\",\"name\":\"Va\u00efma\",\"image\":{\"@type\":\"ImageObject\",\"inLanguage\":\"fr-FR\",\"@id\":\"https:\/\/www.vaima.eu\/blog\/#\/schema\/person\/image\/\",\"url\":\"https:\/\/secure.gravatar.com\/avatar\/d79009a216fc73bfb503ad2150e7a55f?s=96&d=mm&r=g\",\"contentUrl\":\"https:\/\/secure.gravatar.com\/avatar\/d79009a216fc73bfb503ad2150e7a55f?s=96&d=mm&r=g\",\"caption\":\"Va\u00efma\"}}]}<\/script>\n<!-- \/ Yoast SEO plugin. -->","yoast_head_json":{"title":"San Francisco : premi\u00e8re ville \u00e0 interdire le polystyr\u00e8ne ! &#8226; Va\u00efma","robots":{"index":"index","follow":"follow","max-snippet":"max-snippet:-1","max-image-preview":"max-image-preview:large","max-video-preview":"max-video-preview:-1"},"canonical":"https:\/\/www.vaima.eu\/blog\/san-francisco-premiere-ville-a-interdire-polystyrene\/","og_locale":"fr_FR","og_type":"article","og_title":"San Francisco : premi\u00e8re ville \u00e0 interdire le polystyr\u00e8ne ! &#8226; Va\u00efma","og_description":"Apr\u00e8s avoir interdit le sac plastique simple usage en 2007, San Francisco&nbsp;bannit d\u00e9sormais le polystyr\u00e8ne.&nbsp;Reconnue comme ville pionni\u00e8re des causes \u00e9cologiques &#8211; 80% du contenu de ses poubelles est retrait\u00e9 -, SF vise le \u00ab&nbsp;z\u00e9ro d\u00e9chet&nbsp;\u00bb pour l\u2019horizon 2020. Plus de 8% des&nbsp; microparticules trouv\u00e9es dans la baie de San Francisco ont \u00e9t\u00e9 identifi\u00e9es comme [&hellip;]","og_url":"https:\/\/www.vaima.eu\/blog\/san-francisco-premiere-ville-a-interdire-polystyrene\/","og_site_name":"Va\u00efma","article_published_time":"2016-08-04T16:04:35+00:00","article_modified_time":"2024-06-14T16:31:24+00:00","og_image":[{"width":1727,"height":1234,"url":"https:\/\/www.vaima.eu\/blog\/wp-content\/uploads\/2016\/08\/GdCaymanTurtle@HerveBre-EnezGreen.com_.jpg","type":"image\/jpeg"}],"author":"Va\u00efma","twitter_card":"summary_large_image","twitter_misc":{"\u00c9crit par":"Va\u00efma","Dur\u00e9e de lecture estim\u00e9e":"3 minutes"},"schema":{"@context":"https:\/\/schema.org","@graph":[{"@type":"Article","@id":"https:\/\/www.vaima.eu\/blog\/san-francisco-premiere-ville-a-interdire-polystyrene\/#article","isPartOf":{"@id":"https:\/\/www.vaima.eu\/blog\/san-francisco-premiere-ville-a-interdire-polystyrene\/"},"author":{"name":"Va\u00efma","@id":"https:\/\/www.vaima.eu\/blog\/#\/schema\/person\/1ba57826f56b805b7c1de2768f3a96a4"},"headline":"San Francisco : premi\u00e8re ville \u00e0 interdire le polystyr\u00e8ne !","datePublished":"2016-08-04T16:04:35+00:00","dateModified":"2024-06-14T16:31:24+00:00","mainEntityOfPage":{"@id":"https:\/\/www.vaima.eu\/blog\/san-francisco-premiere-ville-a-interdire-polystyrene\/"},"wordCount":460,"publisher":{"@id":"https:\/\/www.vaima.eu\/blog\/#organization"},"image":{"@id":"https:\/\/www.vaima.eu\/blog\/san-francisco-premiere-ville-a-interdire-polystyrene\/#primaryimage"},"thumbnailUrl":"https:\/\/www.vaima.eu\/blog\/wp-content\/uploads\/2016\/08\/GdCaymanTurtle@HerveBre-EnezGreen.com_.jpg","articleSection":["Conservation marine"],"inLanguage":"fr-FR"},{"@type":"WebPage","@id":"https:\/\/www.vaima.eu\/blog\/san-francisco-premiere-ville-a-interdire-polystyrene\/","url":"https:\/\/www.vaima.eu\/blog\/san-francisco-premiere-ville-a-interdire-polystyrene\/","name":"San Francisco : premi\u00e8re ville \u00e0 interdire le polystyr\u00e8ne ! &#8226; Va\u00efma","isPartOf":{"@id":"https:\/\/www.vaima.eu\/blog\/#website"},"primaryImageOfPage":{"@id":"https:\/\/www.vaima.eu\/blog\/san-francisco-premiere-ville-a-interdire-polystyrene\/#primaryimage"},"image":{"@id":"https:\/\/www.vaima.eu\/blog\/san-francisco-premiere-ville-a-interdire-polystyrene\/#primaryimage"},"thumbnailUrl":"https:\/\/www.vaima.eu\/blog\/wp-content\/uploads\/2016\/08\/GdCaymanTurtle@HerveBre-EnezGreen.com_.jpg","datePublished":"2016-08-04T16:04:35+00:00","dateModified":"2024-06-14T16:31:24+00:00","breadcrumb":{"@id":"https:\/\/www.vaima.eu\/blog\/san-francisco-premiere-ville-a-interdire-polystyrene\/#breadcrumb"},"inLanguage":"fr-FR","potentialAction":[{"@type":"ReadAction","target":["https:\/\/www.vaima.eu\/blog\/san-francisco-premiere-ville-a-interdire-polystyrene\/"]}]},{"@type":"ImageObject","inLanguage":"fr-FR","@id":"https:\/\/www.vaima.eu\/blog\/san-francisco-premiere-ville-a-interdire-polystyrene\/#primaryimage","url":"https:\/\/www.vaima.eu\/blog\/wp-content\/uploads\/2016\/08\/GdCaymanTurtle@HerveBre-EnezGreen.com_.jpg","contentUrl":"https:\/\/www.vaima.eu\/blog\/wp-content\/uploads\/2016\/08\/GdCaymanTurtle@HerveBre-EnezGreen.com_.jpg","width":1727,"height":1234,"caption":"L'interdiction du polystyr\u00e8ne \u00e0 San Francisco est une mesure qui devrait \u00eatre suivie par d'autres villes et gouvernements pour lutter contre le fl\u00e9au du plastique qui nuit particuli\u00e8rement \u00e0 la vie marine et aux insulaires."},{"@type":"BreadcrumbList","@id":"https:\/\/www.vaima.eu\/blog\/san-francisco-premiere-ville-a-interdire-polystyrene\/#breadcrumb","itemListElement":[{"@type":"ListItem","position":1,"name":"Blog","item":"https:\/\/www.vaima.eu\/blog\/"},{"@type":"ListItem","position":2,"name":"Conservation marine","item":"https:\/\/www.vaima.eu\/blog\/category\/conservation-marine\/"},{"@type":"ListItem","position":3,"name":"San Francisco : premi\u00e8re ville \u00e0 interdire le polystyr\u00e8ne !"}]},{"@type":"WebSite","@id":"https:\/\/www.vaima.eu\/blog\/#website","url":"https:\/\/www.vaima.eu\/blog\/","name":"Va\u00efma","description":"Voyages d&#039;aventure, activit\u00e9s sportives et loisirs de plein air autour du globe","publisher":{"@id":"https:\/\/www.vaima.eu\/blog\/#organization"},"potentialAction":[{"@type":"SearchAction","target":{"@type":"EntryPoint","urlTemplate":"https:\/\/www.vaima.eu\/blog\/?s={search_term_string}"},"query-input":"required name=search_term_string"}],"inLanguage":"fr-FR"},{"@type":"Organization","@id":"https:\/\/www.vaima.eu\/blog\/#organization","name":"Vaima","url":"https:\/\/www.vaima.eu\/blog\/","logo":{"@type":"ImageObject","inLanguage":"fr-FR","@id":"https:\/\/www.vaima.eu\/blog\/#\/schema\/logo\/image\/","url":"https:\/\/www.vaima.eu\/blog\/wp-content\/uploads\/2017\/04\/cropped-cropped-favicon_vaima_blog-e1506784380454.png","contentUrl":"https:\/\/www.vaima.eu\/blog\/wp-content\/uploads\/2017\/04\/cropped-cropped-favicon_vaima_blog-e1506784380454.png","width":76,"height":76,"caption":"Vaima"},"image":{"@id":"https:\/\/www.vaima.eu\/blog\/#\/schema\/logo\/image\/"}},{"@type":"Person","@id":"https:\/\/www.vaima.eu\/blog\/#\/schema\/person\/1ba57826f56b805b7c1de2768f3a96a4","name":"Va\u00efma","image":{"@type":"ImageObject","inLanguage":"fr-FR","@id":"https:\/\/www.vaima.eu\/blog\/#\/schema\/person\/image\/","url":"https:\/\/secure.gravatar.com\/avatar\/d79009a216fc73bfb503ad2150e7a55f?s=96&d=mm&r=g","contentUrl":"https:\/\/secure.gravatar.com\/avatar\/d79009a216fc73bfb503ad2150e7a55f?s=96&d=mm&r=g","caption":"Va\u00efma"}}]}},"featured_image_src":"https:\/\/www.vaima.eu\/blog\/wp-content\/uploads\/2016\/08\/GdCaymanTurtle@HerveBre-EnezGreen.com_.jpg","featured_image_src_square":"https:\/\/www.vaima.eu\/blog\/wp-content\/uploads\/2016\/08\/GdCaymanTurtle@HerveBre-EnezGreen.com_.jpg","author_info":{"display_name":"Va\u00efma","author_link":"https:\/\/www.vaima.eu\/blog\/author\/vaimaeuxat\/"},"_links":{"self":[{"href":"https:\/\/www.vaima.eu\/blog\/wp-json\/wp\/v2\/posts\/399"}],"collection":[{"href":"https:\/\/www.vaima.eu\/blog\/wp-json\/wp\/v2\/posts"}],"about":[{"href":"https:\/\/www.vaima.eu\/blog\/wp-json\/wp\/v2\/types\/post"}],"author":[{"embeddable":true,"href":"https:\/\/www.vaima.eu\/blog\/wp-json\/wp\/v2\/users\/1"}],"replies":[{"embeddable":true,"href":"https:\/\/www.vaima.eu\/blog\/wp-json\/wp\/v2\/comments?post=399"}],"version-history":[{"count":4,"href":"https:\/\/www.vaima.eu\/blog\/wp-json\/wp\/v2\/posts\/399\/revisions"}],"predecessor-version":[{"id":1673,"href":"https:\/\/www.vaima.eu\/blog\/wp-json\/wp\/v2\/posts\/399\/revisions\/1673"}],"wp:featuredmedia":[{"embeddable":true,"href":"https:\/\/www.vaima.eu\/blog\/wp-json\/wp\/v2\/media\/404"}],"wp:attachment":[{"href":"https:\/\/www.vaima.eu\/blog\/wp-json\/wp\/v2\/media?parent=399"}],"wp:term":[{"taxonomy":"category","embeddable":true,"href":"https:\/\/www.vaima.eu\/blog\/wp-json\/wp\/v2\/categories?post=399"},{"taxonomy":"post_tag","embeddable":true,"href":"https:\/\/www.vaima.eu\/blog\/wp-json\/wp\/v2\/tags?post=399"}],"curies":[{"name":"wp","href":"https:\/\/api.w.org\/{rel}","templated":true}]}}