{"id":338,"date":"2016-07-12T17:46:05","date_gmt":"2016-07-12T15:46:05","guid":{"rendered":"https:\/\/www.vaima.eu\/blog\/?p=338"},"modified":"2024-05-24T16:21:41","modified_gmt":"2024-05-24T14:21:41","slug":"balade-aquatique-aux-embiez","status":"publish","type":"post","link":"https:\/\/www.vaima.eu\/blog\/balade-aquatique-aux-embiez\/","title":{"rendered":"Balade aquatique &#8211; snorkeling aux Embiez"},"content":{"rendered":"\n<p>Avec ses c\u00f4tes sauvages ponctu\u00e9es de petites plages et de calanques, ses marais salants, son vignoble et ses for\u00eats de pins, l\u2019\u00eele des Embiez est une v\u00e9ritable r\u00e9serve marine pour nombre d&rsquo;esp\u00e8ces marines et terrestres m\u00e9diterran\u00e9ennes. Des balades aquatiques accompagn\u00e9es par un \u00e9co-guide y sont propos\u00e9es dans le cadre du d\u00e9veloppement de l&rsquo;\u00eele&nbsp;en harmonie avec la nature.<\/p>\n\n\n\n<!--more-->\n\n\n\n<h2 class=\"wp-block-heading\">L&rsquo;\u00eele des Embiez est devenue un mod\u00e8le de tourisme durable<\/h2>\n\n\n\n<p>Situ\u00e9e dans le d\u00e9partement du Var, sur la commune de Six-Fours-Les-Plages,<a href=\"https:\/\/www.enezgreen.com\/les-embiez\/\"> la&nbsp;petite \u00eele pi\u00e9tonne des Embiez&nbsp;propose des activit\u00e9s \u00e9co-touristiques<\/a>&nbsp;pour d\u00e9couvrir sa beaut\u00e9 pr\u00e9serv\u00e9e. Les balades aquatiques sont propos\u00e9es tous les matins de mai \u00e0 octobre pour admirer les fonds marins reconnus pour abriter des esp\u00e8ces embl\u00e9matiques de M\u00e9diterran\u00e9e comme la grande nacre. Accompagn\u00e9 d&rsquo;un \u00e9co-guide et \u00e9quip\u00e9 de palmes, masque et tuba, vous partez explorer les nombreuses criques et rochers pour y d\u00e9nicher les poissons, hippocampes, mollusques, poulpes et autres cnidaires prot\u00e9g\u00e9es de pr\u00e8s par l<a href=\"https:\/\/www.enezgreen.com\/institut-oceanographique-paul-ricard\/\">&lsquo;Institut oc\u00e9anographique Paul Ricard<\/a> qui se concentre depuis 40 ans sur l\u2019am\u00e9lioration de la qualit\u00e9 des eaux littorales et sur la sauvegarde des esp\u00e8ces embl\u00e9matiques m\u00e9diterran\u00e9ennes, tout en sensibilisant plus de 50 000 visiteurs par an.<\/p>\n\n\n<div class=\"wp-block-image\">\n<figure class=\"aligncenter size-large\"><img decoding=\"async\" width=\"1024\" height=\"686\" src=\"https:\/\/www.vaima.eu\/blog\/wp-content\/uploads\/2016\/06\/Snorkeling-EnezGreen-1024x686.jpg\" alt=\"\" class=\"wp-image-124\" style=\"aspect-ratio:16\/9;object-fit:cover\" srcset=\"https:\/\/www.vaima.eu\/blog\/wp-content\/uploads\/2016\/06\/Snorkeling-EnezGreen-1024x686.jpg 1024w, https:\/\/www.vaima.eu\/blog\/wp-content\/uploads\/2016\/06\/Snorkeling-EnezGreen-300x201.jpg 300w, https:\/\/www.vaima.eu\/blog\/wp-content\/uploads\/2016\/06\/Snorkeling-EnezGreen-768x514.jpg 768w, https:\/\/www.vaima.eu\/blog\/wp-content\/uploads\/2016\/06\/Snorkeling-EnezGreen.jpg 1389w\" sizes=\"(max-width: 1024px) 100vw, 1024px\" \/><figcaption class=\"wp-element-caption\"><a href=\"https:\/\/www.vaima.eu\/fr\/activites-subaquatiques-22\">D\u00e9couvrir le mat\u00e9riel <\/a><\/figcaption><\/figure><\/div>\n\n\n<h2 class=\"wp-block-heading\">Les Embiez ont \u00e9t\u00e9 am\u00e9nag\u00e9es \u00ab&nbsp;en bonne intelligence avec la nature&nbsp;\u00bb depuis leur rachat par Paul Ricard<\/h2>\n\n\n\n<p>Malgr\u00e9 sa proximit\u00e9 avec la c\u00f4te varoise, cette petite \u00eele de 95 ha tr\u00e8s pris\u00e9e des touristes est pourtant parvenue \u00e0 pr\u00e9server la richesse de ses \u00e9cosyst\u00e8mes. Un miracle sign\u00e9 Paul Ricard, cr\u00e9ateur du c\u00e9l\u00e8bre Pastis et m\u00e9c\u00e8ne amoureux de la mer, qui en devint propri\u00e9taire en 1958. Gr\u00e2ce \u00e0 sa vision intuitive du tourisme responsable, <a href=\"https:\/\/fr.wikipedia.org\/wiki\/%C3%8Ele_des_Embiez\">les Embiez <\/a>ont \u00e9t\u00e9 am\u00e9nag\u00e9es depuis \u00ab&nbsp;en bonne intelligence avec la nature&nbsp;\u00bb.<br>Une volont\u00e9 encore respect\u00e9e aujourd\u2019hui par ses successeurs qui visent \u00e0 faire des Embiez une \u00eele durable exemplaire. Aujourd&rsquo;hui,&nbsp;l&rsquo;\u00eele est class\u00e9e refuge&nbsp;par la <a href=\"https:\/\/www.lpo.fr\/\">Ligue de Protection des Oiseaux<\/a> et&nbsp;toute sa p\u00e9riph\u00e9rie est int\u00e9gr\u00e9e au <a href=\"https:\/\/inpn.mnhn.fr\/programme\/natura2000\/presentation\/objectifs\">r\u00e9seau Natura 2000<\/a>.<br>Cr\u00e9\u00e9 pour lutter contre la pollution marine, l<a href=\"https:\/\/www.enezgreen.com\/institut-oceanographique-paul-ricard\/\">&lsquo;Institut oc\u00e9anographique Paul Ricard<\/a> se concentre depuis 40 ans sur l\u2019am\u00e9lioration de la qualit\u00e9 des eaux littorales et sur la sauvegarde des esp\u00e8ces embl\u00e9matiques m\u00e9diterran\u00e9ennes, tout en sensibilisant plus de 50 000 visiteurs par an.<\/p>\n","protected":false},"excerpt":{"rendered":"<p>Avec ses c\u00f4tes sauvages ponctu\u00e9es de petites plages et de calanques, ses marais salants, son vignoble et ses for\u00eats de pins, l\u2019\u00eele des Embiez est une v\u00e9ritable r\u00e9serve marine pour nombre d&rsquo;esp\u00e8ces marines et terrestres m\u00e9diterran\u00e9ennes. Des balades aquatiques accompagn\u00e9es par un \u00e9co-guide y sont propos\u00e9es dans le cadre du d\u00e9veloppement de l&rsquo;\u00eele&nbsp;en harmonie avec [&hellip;]<\/p>\n","protected":false},"author":1,"featured_media":339,"comment_status":"closed","ping_status":"closed","sticky":false,"template":"","format":"standard","meta":{"_acf_changed":false,"_genesis_hide_title":false,"_genesis_hide_breadcrumbs":false,"_genesis_hide_singular_image":false,"_genesis_hide_footer_widgets":false,"_genesis_custom_body_class":"","_genesis_custom_post_class":"","_genesis_layout":"","footnotes":""},"categories":[5],"tags":[],"acf":[],"yoast_head":"<!-- This site is optimized with the Yoast SEO plugin v22.7 - https:\/\/yoast.com\/wordpress\/plugins\/seo\/ -->\n<title>Balade aquatique - snorkeling aux Embiez &#8226; Va\u00efma<\/title>\n<meta name=\"robots\" content=\"index, follow, max-snippet:-1, max-image-preview:large, max-video-preview:-1\" \/>\n<link rel=\"canonical\" href=\"https:\/\/www.vaima.eu\/blog\/balade-aquatique-aux-embiez\/\" \/>\n<meta property=\"og:locale\" content=\"fr_FR\" \/>\n<meta property=\"og:type\" content=\"article\" \/>\n<meta property=\"og:title\" content=\"Balade aquatique - snorkeling aux Embiez &#8226; Va\u00efma\" \/>\n<meta property=\"og:description\" content=\"Avec ses c\u00f4tes sauvages ponctu\u00e9es de petites plages et de calanques, ses marais salants, son vignoble et ses for\u00eats de pins, l\u2019\u00eele des Embiez est une v\u00e9ritable r\u00e9serve marine pour nombre d&rsquo;esp\u00e8ces marines et terrestres m\u00e9diterran\u00e9ennes. Des balades aquatiques accompagn\u00e9es par un \u00e9co-guide y sont propos\u00e9es dans le cadre du d\u00e9veloppement de l&rsquo;\u00eele&nbsp;en harmonie avec [&hellip;]\" \/>\n<meta property=\"og:url\" content=\"https:\/\/www.vaima.eu\/blog\/balade-aquatique-aux-embiez\/\" \/>\n<meta property=\"og:site_name\" content=\"Va\u00efma\" \/>\n<meta property=\"article:published_time\" content=\"2016-07-12T15:46:05+00:00\" \/>\n<meta property=\"article:modified_time\" content=\"2024-05-24T14:21:41+00:00\" \/>\n<meta property=\"og:image\" content=\"https:\/\/www.vaima.eu\/blog\/wp-content\/uploads\/2016\/07\/EmbiezLae\u0308titiaSnorkel2011.09.jpg\" \/>\n\t<meta property=\"og:image:width\" content=\"1024\" \/>\n\t<meta property=\"og:image:height\" content=\"713\" \/>\n\t<meta property=\"og:image:type\" content=\"image\/jpeg\" \/>\n<meta name=\"author\" content=\"Va\u00efma\" \/>\n<meta name=\"twitter:card\" content=\"summary_large_image\" \/>\n<meta name=\"twitter:label1\" content=\"\u00c9crit par\" \/>\n\t<meta name=\"twitter:data1\" content=\"Va\u00efma\" \/>\n\t<meta name=\"twitter:label2\" content=\"Dur\u00e9e de lecture estim\u00e9e\" \/>\n\t<meta name=\"twitter:data2\" content=\"3 minutes\" \/>\n<script type=\"application\/ld+json\" class=\"yoast-schema-graph\">{\"@context\":\"https:\/\/schema.org\",\"@graph\":[{\"@type\":\"Article\",\"@id\":\"https:\/\/www.vaima.eu\/blog\/balade-aquatique-aux-embiez\/#article\",\"isPartOf\":{\"@id\":\"https:\/\/www.vaima.eu\/blog\/balade-aquatique-aux-embiez\/\"},\"author\":{\"name\":\"Va\u00efma\",\"@id\":\"https:\/\/www.vaima.eu\/blog\/#\/schema\/person\/1ba57826f56b805b7c1de2768f3a96a4\"},\"headline\":\"Balade aquatique &#8211; snorkeling aux Embiez\",\"datePublished\":\"2016-07-12T15:46:05+00:00\",\"dateModified\":\"2024-05-24T14:21:41+00:00\",\"mainEntityOfPage\":{\"@id\":\"https:\/\/www.vaima.eu\/blog\/balade-aquatique-aux-embiez\/\"},\"wordCount\":438,\"publisher\":{\"@id\":\"https:\/\/www.vaima.eu\/blog\/#organization\"},\"image\":{\"@id\":\"https:\/\/www.vaima.eu\/blog\/balade-aquatique-aux-embiez\/#primaryimage\"},\"thumbnailUrl\":\"https:\/\/www.vaima.eu\/blog\/wp-content\/uploads\/2016\/07\/EmbiezLae\u0308titiaSnorkel2011.09.jpg\",\"articleSection\":[\"Snorkeling\"],\"inLanguage\":\"fr-FR\"},{\"@type\":\"WebPage\",\"@id\":\"https:\/\/www.vaima.eu\/blog\/balade-aquatique-aux-embiez\/\",\"url\":\"https:\/\/www.vaima.eu\/blog\/balade-aquatique-aux-embiez\/\",\"name\":\"Balade aquatique - snorkeling aux Embiez &#8226; Va\u00efma\",\"isPartOf\":{\"@id\":\"https:\/\/www.vaima.eu\/blog\/#website\"},\"primaryImageOfPage\":{\"@id\":\"https:\/\/www.vaima.eu\/blog\/balade-aquatique-aux-embiez\/#primaryimage\"},\"image\":{\"@id\":\"https:\/\/www.vaima.eu\/blog\/balade-aquatique-aux-embiez\/#primaryimage\"},\"thumbnailUrl\":\"https:\/\/www.vaima.eu\/blog\/wp-content\/uploads\/2016\/07\/EmbiezLae\u0308titiaSnorkel2011.09.jpg\",\"datePublished\":\"2016-07-12T15:46:05+00:00\",\"dateModified\":\"2024-05-24T14:21:41+00:00\",\"breadcrumb\":{\"@id\":\"https:\/\/www.vaima.eu\/blog\/balade-aquatique-aux-embiez\/#breadcrumb\"},\"inLanguage\":\"fr-FR\",\"potentialAction\":[{\"@type\":\"ReadAction\",\"target\":[\"https:\/\/www.vaima.eu\/blog\/balade-aquatique-aux-embiez\/\"]}]},{\"@type\":\"ImageObject\",\"inLanguage\":\"fr-FR\",\"@id\":\"https:\/\/www.vaima.eu\/blog\/balade-aquatique-aux-embiez\/#primaryimage\",\"url\":\"https:\/\/www.vaima.eu\/blog\/wp-content\/uploads\/2016\/07\/EmbiezLae\u0308titiaSnorkel2011.09.jpg\",\"contentUrl\":\"https:\/\/www.vaima.eu\/blog\/wp-content\/uploads\/2016\/07\/EmbiezLae\u0308titiaSnorkel2011.09.jpg\",\"width\":1024,\"height\":713,\"caption\":\"Les Embiez snorkeling balade aquatique Herv\u00e9 Br\u00e9 EnezGreen\"},{\"@type\":\"BreadcrumbList\",\"@id\":\"https:\/\/www.vaima.eu\/blog\/balade-aquatique-aux-embiez\/#breadcrumb\",\"itemListElement\":[{\"@type\":\"ListItem\",\"position\":1,\"name\":\"Blog\",\"item\":\"https:\/\/www.vaima.eu\/blog\/\"},{\"@type\":\"ListItem\",\"position\":2,\"name\":\"Snorkeling\",\"item\":\"https:\/\/www.vaima.eu\/blog\/category\/snorkeling\/\"},{\"@type\":\"ListItem\",\"position\":3,\"name\":\"Balade aquatique &#8211; snorkeling aux Embiez\"}]},{\"@type\":\"WebSite\",\"@id\":\"https:\/\/www.vaima.eu\/blog\/#website\",\"url\":\"https:\/\/www.vaima.eu\/blog\/\",\"name\":\"Va\u00efma\",\"description\":\"Voyages d&#039;aventure, activit\u00e9s sportives et loisirs de plein air autour du globe\",\"publisher\":{\"@id\":\"https:\/\/www.vaima.eu\/blog\/#organization\"},\"potentialAction\":[{\"@type\":\"SearchAction\",\"target\":{\"@type\":\"EntryPoint\",\"urlTemplate\":\"https:\/\/www.vaima.eu\/blog\/?s={search_term_string}\"},\"query-input\":\"required name=search_term_string\"}],\"inLanguage\":\"fr-FR\"},{\"@type\":\"Organization\",\"@id\":\"https:\/\/www.vaima.eu\/blog\/#organization\",\"name\":\"Vaima\",\"url\":\"https:\/\/www.vaima.eu\/blog\/\",\"logo\":{\"@type\":\"ImageObject\",\"inLanguage\":\"fr-FR\",\"@id\":\"https:\/\/www.vaima.eu\/blog\/#\/schema\/logo\/image\/\",\"url\":\"https:\/\/www.vaima.eu\/blog\/wp-content\/uploads\/2017\/04\/cropped-cropped-favicon_vaima_blog-e1506784380454.png\",\"contentUrl\":\"https:\/\/www.vaima.eu\/blog\/wp-content\/uploads\/2017\/04\/cropped-cropped-favicon_vaima_blog-e1506784380454.png\",\"width\":76,\"height\":76,\"caption\":\"Vaima\"},\"image\":{\"@id\":\"https:\/\/www.vaima.eu\/blog\/#\/schema\/logo\/image\/\"}},{\"@type\":\"Person\",\"@id\":\"https:\/\/www.vaima.eu\/blog\/#\/schema\/person\/1ba57826f56b805b7c1de2768f3a96a4\",\"name\":\"Va\u00efma\",\"image\":{\"@type\":\"ImageObject\",\"inLanguage\":\"fr-FR\",\"@id\":\"https:\/\/www.vaima.eu\/blog\/#\/schema\/person\/image\/\",\"url\":\"https:\/\/secure.gravatar.com\/avatar\/d79009a216fc73bfb503ad2150e7a55f?s=96&d=mm&r=g\",\"contentUrl\":\"https:\/\/secure.gravatar.com\/avatar\/d79009a216fc73bfb503ad2150e7a55f?s=96&d=mm&r=g\",\"caption\":\"Va\u00efma\"}}]}<\/script>\n<!-- \/ Yoast SEO plugin. -->","yoast_head_json":{"title":"Balade aquatique - snorkeling aux Embiez &#8226; Va\u00efma","robots":{"index":"index","follow":"follow","max-snippet":"max-snippet:-1","max-image-preview":"max-image-preview:large","max-video-preview":"max-video-preview:-1"},"canonical":"https:\/\/www.vaima.eu\/blog\/balade-aquatique-aux-embiez\/","og_locale":"fr_FR","og_type":"article","og_title":"Balade aquatique - snorkeling aux Embiez &#8226; Va\u00efma","og_description":"Avec ses c\u00f4tes sauvages ponctu\u00e9es de petites plages et de calanques, ses marais salants, son vignoble et ses for\u00eats de pins, l\u2019\u00eele des Embiez est une v\u00e9ritable r\u00e9serve marine pour nombre d&rsquo;esp\u00e8ces marines et terrestres m\u00e9diterran\u00e9ennes. Des balades aquatiques accompagn\u00e9es par un \u00e9co-guide y sont propos\u00e9es dans le cadre du d\u00e9veloppement de l&rsquo;\u00eele&nbsp;en harmonie avec [&hellip;]","og_url":"https:\/\/www.vaima.eu\/blog\/balade-aquatique-aux-embiez\/","og_site_name":"Va\u00efma","article_published_time":"2016-07-12T15:46:05+00:00","article_modified_time":"2024-05-24T14:21:41+00:00","og_image":[{"width":1024,"height":713,"url":"https:\/\/www.vaima.eu\/blog\/wp-content\/uploads\/2016\/07\/EmbiezLae\u0308titiaSnorkel2011.09.jpg","type":"image\/jpeg"}],"author":"Va\u00efma","twitter_card":"summary_large_image","twitter_misc":{"\u00c9crit par":"Va\u00efma","Dur\u00e9e de lecture estim\u00e9e":"3 minutes"},"schema":{"@context":"https:\/\/schema.org","@graph":[{"@type":"Article","@id":"https:\/\/www.vaima.eu\/blog\/balade-aquatique-aux-embiez\/#article","isPartOf":{"@id":"https:\/\/www.vaima.eu\/blog\/balade-aquatique-aux-embiez\/"},"author":{"name":"Va\u00efma","@id":"https:\/\/www.vaima.eu\/blog\/#\/schema\/person\/1ba57826f56b805b7c1de2768f3a96a4"},"headline":"Balade aquatique &#8211; snorkeling aux Embiez","datePublished":"2016-07-12T15:46:05+00:00","dateModified":"2024-05-24T14:21:41+00:00","mainEntityOfPage":{"@id":"https:\/\/www.vaima.eu\/blog\/balade-aquatique-aux-embiez\/"},"wordCount":438,"publisher":{"@id":"https:\/\/www.vaima.eu\/blog\/#organization"},"image":{"@id":"https:\/\/www.vaima.eu\/blog\/balade-aquatique-aux-embiez\/#primaryimage"},"thumbnailUrl":"https:\/\/www.vaima.eu\/blog\/wp-content\/uploads\/2016\/07\/EmbiezLae\u0308titiaSnorkel2011.09.jpg","articleSection":["Snorkeling"],"inLanguage":"fr-FR"},{"@type":"WebPage","@id":"https:\/\/www.vaima.eu\/blog\/balade-aquatique-aux-embiez\/","url":"https:\/\/www.vaima.eu\/blog\/balade-aquatique-aux-embiez\/","name":"Balade aquatique - snorkeling aux Embiez &#8226; Va\u00efma","isPartOf":{"@id":"https:\/\/www.vaima.eu\/blog\/#website"},"primaryImageOfPage":{"@id":"https:\/\/www.vaima.eu\/blog\/balade-aquatique-aux-embiez\/#primaryimage"},"image":{"@id":"https:\/\/www.vaima.eu\/blog\/balade-aquatique-aux-embiez\/#primaryimage"},"thumbnailUrl":"https:\/\/www.vaima.eu\/blog\/wp-content\/uploads\/2016\/07\/EmbiezLae\u0308titiaSnorkel2011.09.jpg","datePublished":"2016-07-12T15:46:05+00:00","dateModified":"2024-05-24T14:21:41+00:00","breadcrumb":{"@id":"https:\/\/www.vaima.eu\/blog\/balade-aquatique-aux-embiez\/#breadcrumb"},"inLanguage":"fr-FR","potentialAction":[{"@type":"ReadAction","target":["https:\/\/www.vaima.eu\/blog\/balade-aquatique-aux-embiez\/"]}]},{"@type":"ImageObject","inLanguage":"fr-FR","@id":"https:\/\/www.vaima.eu\/blog\/balade-aquatique-aux-embiez\/#primaryimage","url":"https:\/\/www.vaima.eu\/blog\/wp-content\/uploads\/2016\/07\/EmbiezLae\u0308titiaSnorkel2011.09.jpg","contentUrl":"https:\/\/www.vaima.eu\/blog\/wp-content\/uploads\/2016\/07\/EmbiezLae\u0308titiaSnorkel2011.09.jpg","width":1024,"height":713,"caption":"Les Embiez snorkeling balade aquatique Herv\u00e9 Br\u00e9 EnezGreen"},{"@type":"BreadcrumbList","@id":"https:\/\/www.vaima.eu\/blog\/balade-aquatique-aux-embiez\/#breadcrumb","itemListElement":[{"@type":"ListItem","position":1,"name":"Blog","item":"https:\/\/www.vaima.eu\/blog\/"},{"@type":"ListItem","position":2,"name":"Snorkeling","item":"https:\/\/www.vaima.eu\/blog\/category\/snorkeling\/"},{"@type":"ListItem","position":3,"name":"Balade aquatique &#8211; snorkeling aux Embiez"}]},{"@type":"WebSite","@id":"https:\/\/www.vaima.eu\/blog\/#website","url":"https:\/\/www.vaima.eu\/blog\/","name":"Va\u00efma","description":"Voyages d&#039;aventure, activit\u00e9s sportives et loisirs de plein air autour du globe","publisher":{"@id":"https:\/\/www.vaima.eu\/blog\/#organization"},"potentialAction":[{"@type":"SearchAction","target":{"@type":"EntryPoint","urlTemplate":"https:\/\/www.vaima.eu\/blog\/?s={search_term_string}"},"query-input":"required name=search_term_string"}],"inLanguage":"fr-FR"},{"@type":"Organization","@id":"https:\/\/www.vaima.eu\/blog\/#organization","name":"Vaima","url":"https:\/\/www.vaima.eu\/blog\/","logo":{"@type":"ImageObject","inLanguage":"fr-FR","@id":"https:\/\/www.vaima.eu\/blog\/#\/schema\/logo\/image\/","url":"https:\/\/www.vaima.eu\/blog\/wp-content\/uploads\/2017\/04\/cropped-cropped-favicon_vaima_blog-e1506784380454.png","contentUrl":"https:\/\/www.vaima.eu\/blog\/wp-content\/uploads\/2017\/04\/cropped-cropped-favicon_vaima_blog-e1506784380454.png","width":76,"height":76,"caption":"Vaima"},"image":{"@id":"https:\/\/www.vaima.eu\/blog\/#\/schema\/logo\/image\/"}},{"@type":"Person","@id":"https:\/\/www.vaima.eu\/blog\/#\/schema\/person\/1ba57826f56b805b7c1de2768f3a96a4","name":"Va\u00efma","image":{"@type":"ImageObject","inLanguage":"fr-FR","@id":"https:\/\/www.vaima.eu\/blog\/#\/schema\/person\/image\/","url":"https:\/\/secure.gravatar.com\/avatar\/d79009a216fc73bfb503ad2150e7a55f?s=96&d=mm&r=g","contentUrl":"https:\/\/secure.gravatar.com\/avatar\/d79009a216fc73bfb503ad2150e7a55f?s=96&d=mm&r=g","caption":"Va\u00efma"}}]}},"featured_image_src":"https:\/\/www.vaima.eu\/blog\/wp-content\/uploads\/2016\/07\/EmbiezLae\u0308titiaSnorkel2011.09.jpg","featured_image_src_square":"https:\/\/www.vaima.eu\/blog\/wp-content\/uploads\/2016\/07\/EmbiezLae\u0308titiaSnorkel2011.09.jpg","author_info":{"display_name":"Va\u00efma","author_link":"https:\/\/www.vaima.eu\/blog\/author\/vaimaeuxat\/"},"_links":{"self":[{"href":"https:\/\/www.vaima.eu\/blog\/wp-json\/wp\/v2\/posts\/338"}],"collection":[{"href":"https:\/\/www.vaima.eu\/blog\/wp-json\/wp\/v2\/posts"}],"about":[{"href":"https:\/\/www.vaima.eu\/blog\/wp-json\/wp\/v2\/types\/post"}],"author":[{"embeddable":true,"href":"https:\/\/www.vaima.eu\/blog\/wp-json\/wp\/v2\/users\/1"}],"replies":[{"embeddable":true,"href":"https:\/\/www.vaima.eu\/blog\/wp-json\/wp\/v2\/comments?post=338"}],"version-history":[{"count":6,"href":"https:\/\/www.vaima.eu\/blog\/wp-json\/wp\/v2\/posts\/338\/revisions"}],"predecessor-version":[{"id":1337,"href":"https:\/\/www.vaima.eu\/blog\/wp-json\/wp\/v2\/posts\/338\/revisions\/1337"}],"wp:featuredmedia":[{"embeddable":true,"href":"https:\/\/www.vaima.eu\/blog\/wp-json\/wp\/v2\/media\/339"}],"wp:attachment":[{"href":"https:\/\/www.vaima.eu\/blog\/wp-json\/wp\/v2\/media?parent=338"}],"wp:term":[{"taxonomy":"category","embeddable":true,"href":"https:\/\/www.vaima.eu\/blog\/wp-json\/wp\/v2\/categories?post=338"},{"taxonomy":"post_tag","embeddable":true,"href":"https:\/\/www.vaima.eu\/blog\/wp-json\/wp\/v2\/tags?post=338"}],"curies":[{"name":"wp","href":"https:\/\/api.w.org\/{rel}","templated":true}]}}